{"id":468,"date":"2025-05-07T19:15:54","date_gmt":"2025-05-07T19:15:54","guid":{"rendered":"https:\/\/filminbrasil.com\/?p=468"},"modified":"2025-05-07T19:15:54","modified_gmt":"2025-05-07T19:15:54","slug":"virginia-e-adelaine-a-dupla-revolucionaria-agora-no-cinema","status":"publish","type":"post","link":"https:\/\/filminbrasil.com\/?p=468","title":{"rendered":"Virg\u00ednia e Adelaine: a dupla revolucion\u00e1ria, agora no cinema\u00a0"},"content":{"rendered":"\n<p class=\"wp-block-paragraph\"><em>Texto: Ariel Dandara \/ Foto: Reprodu\u00e7\u00e3o<\/em><\/p>\n\n\n\n<p class=\"wp-block-paragraph\">Com dire\u00e7\u00e3o de Yasmin Thayn\u00e1 e Jorge Furtado, a dupla de mulheres que revolucionou a psican\u00e1lise no pa\u00eds s\u00e3o homenageadas em uma trama envolvente onde ambas se v\u00eaem dispostas a lutar contra preconceitos e estigmas. Ambas foram respons\u00e1veis pela difus\u00e3o do m\u00e9todo criado por Sigmund Freud na busca pela compreens\u00e3o da mente humana, mudando profundamente o curso da ci\u00eancia praticada em seu tempo.&nbsp;&nbsp;&nbsp;&nbsp;<\/p>\n\n\n\n<p class=\"wp-block-paragraph\">&nbsp; Interpretadas por Gabriela Correa e Sophie Charlotte, Virg\u00ednia Leone Bicudo e Adelaide Koch come\u00e7am sua jornada quando seus caminhos se cruzam em uma sess\u00e3o de terapia. A rela\u00e7\u00e3o entre terapeuta e paciente evolui para uma amizade que durou d\u00e9cadas. Segundo Jorge Furtado, a produ\u00e7\u00e3o pretende apresentar um pequeno recorte para os espectadores a ponto de despertar maior curiosidade do p\u00fablico acerca da hist\u00f3ria dessas mulheres.&nbsp;<\/p>\n","protected":false},"excerpt":{"rendered":"<p>Texto: Ariel Dandara \/ Foto: Reprodu\u00e7\u00e3o Com dire\u00e7\u00e3o de Yasmin Thayn\u00e1 e Jorge Furtado, a dupla de mulheres que revolucionou a psican\u00e1lise no pa\u00eds s\u00e3o homenageadas em uma trama envolvente onde ambas se v\u00eaem dispostas a lutar contra preconceitos e estigmas. Ambas foram respons\u00e1veis pela difus\u00e3o do m\u00e9todo criado por Sigmund Freud na busca pela&#8230;<\/p>\n","protected":false},"author":1,"featured_media":469,"comment_status":"open","ping_status":"open","sticky":false,"template":"","format":"standard","meta":{"footnotes":""},"categories":[1],"tags":[],"class_list":["post-468","post","type-post","status-publish","format-standard","has-post-thumbnail","hentry","category-noticia-noticia"],"aioseo_notices":[],"aioseo_head":"\n\t\t<!-- All in One SEO 4.9.8 - aioseo.com -->\n\t<meta name=\"description\" content=\"Texto: Ariel Dandara \/ Foto: Reprodu\u00e7\u00e3o Com dire\u00e7\u00e3o de Yasmin Thayn\u00e1 e Jorge Furtado, a dupla de mulheres que revolucionou a psican\u00e1lise no pa\u00eds s\u00e3o homenageadas em uma trama envolvente onde ambas se v\u00eaem dispostas a lutar contra preconceitos e estigmas. Ambas foram respons\u00e1veis pela difus\u00e3o do m\u00e9todo criado por Sigmund Freud na busca pela\" \/>\n\t<meta name=\"robots\" content=\"max-image-preview:large\" \/>\n\t<meta name=\"author\" content=\"filminbrasil_is1tjs\"\/>\n\t<link rel=\"canonical\" href=\"https:\/\/filminbrasil.com\/?p=468\" \/>\n\t<meta name=\"generator\" content=\"All in One SEO (AIOSEO) 4.9.8\" \/>\n\t\t<meta property=\"og:locale\" content=\"pt_BR\" \/>\n\t\t<meta property=\"og:site_name\" content=\"FilmInBrasil -\" \/>\n\t\t<meta property=\"og:type\" content=\"article\" \/>\n\t\t<meta property=\"og:title\" content=\"Virg\u00ednia e Adelaine: a dupla revolucion\u00e1ria, agora no cinema - FilmInBrasil\" \/>\n\t\t<meta property=\"og:description\" content=\"Texto: Ariel Dandara \/ Foto: Reprodu\u00e7\u00e3o Com dire\u00e7\u00e3o de Yasmin Thayn\u00e1 e Jorge Furtado, a dupla de mulheres que revolucionou a psican\u00e1lise no pa\u00eds s\u00e3o homenageadas em uma trama envolvente onde ambas se v\u00eaem dispostas a lutar contra preconceitos e estigmas. Ambas foram respons\u00e1veis pela difus\u00e3o do m\u00e9todo criado por Sigmund Freud na busca pela\" \/>\n\t\t<meta property=\"og:url\" content=\"https:\/\/filminbrasil.com\/?p=468\" \/>\n\t\t<meta property=\"og:image\" content=\"https:\/\/filminbrasil.com\/wp-content\/uploads\/2024\/12\/cropped-LOGO-filminbrasil.png\" \/>\n\t\t<meta property=\"og:image:secure_url\" content=\"https:\/\/filminbrasil.com\/wp-content\/uploads\/2024\/12\/cropped-LOGO-filminbrasil.png\" \/>\n\t\t<meta property=\"article:published_time\" content=\"2025-05-07T19:15:54+00:00\" \/>\n\t\t<meta property=\"article:modified_time\" content=\"2025-05-07T19:15:54+00:00\" \/>\n\t\t<meta name=\"twitter:card\" content=\"summary_large_image\" \/>\n\t\t<meta name=\"twitter:title\" content=\"Virg\u00ednia e Adelaine: a dupla revolucion\u00e1ria, agora no cinema - FilmInBrasil\" \/>\n\t\t<meta name=\"twitter:description\" content=\"Texto: Ariel Dandara \/ Foto: Reprodu\u00e7\u00e3o Com dire\u00e7\u00e3o de Yasmin Thayn\u00e1 e Jorge Furtado, a dupla de mulheres que revolucionou a psican\u00e1lise no pa\u00eds s\u00e3o homenageadas em uma trama envolvente onde ambas se v\u00eaem dispostas a lutar contra preconceitos e estigmas. Ambas foram respons\u00e1veis pela difus\u00e3o do m\u00e9todo criado por Sigmund Freud na busca pela\" \/>\n\t\t<meta name=\"twitter:image\" content=\"https:\/\/filminbrasil.com\/wp-content\/uploads\/2024\/12\/cropped-LOGO-filminbrasil.png\" \/>\n\t\t<script type=\"application\/ld+json\" class=\"aioseo-schema\">\n\t\t\t{\"@context\":\"https:\\\/\\\/schema.org\",\"@graph\":[{\"@type\":\"BlogPosting\",\"@id\":\"https:\\\/\\\/filminbrasil.com\\\/?p=468#blogposting\",\"name\":\"Virg\\u00ednia e Adelaine: a dupla revolucion\\u00e1ria, agora no cinema - FilmInBrasil\",\"headline\":\"Virg\\u00ednia e Adelaine: a dupla revolucion\\u00e1ria, agora no cinema\\u00a0\",\"author\":{\"@id\":\"https:\\\/\\\/filminbrasil.com\\\/?author=1#author\"},\"publisher\":{\"@id\":\"https:\\\/\\\/filminbrasil.com\\\/#organization\"},\"image\":{\"@type\":\"ImageObject\",\"url\":\"https:\\\/\\\/filminbrasil.com\\\/wp-content\\\/uploads\\\/2025\\\/05\\\/VIRGINIAADELAIDE.webp\",\"width\":849,\"height\":566},\"datePublished\":\"2025-05-07T19:15:54+00:00\",\"dateModified\":\"2025-05-07T19:15:54+00:00\",\"inLanguage\":\"pt-BR\",\"mainEntityOfPage\":{\"@id\":\"https:\\\/\\\/filminbrasil.com\\\/?p=468#webpage\"},\"isPartOf\":{\"@id\":\"https:\\\/\\\/filminbrasil.com\\\/?p=468#webpage\"},\"articleSection\":\"Not\\u00edcia\"},{\"@type\":\"BreadcrumbList\",\"@id\":\"https:\\\/\\\/filminbrasil.com\\\/?p=468#breadcrumblist\",\"itemListElement\":[{\"@type\":\"ListItem\",\"@id\":\"https:\\\/\\\/filminbrasil.com#listItem\",\"position\":1,\"name\":\"Home\",\"item\":\"https:\\\/\\\/filminbrasil.com\",\"nextItem\":{\"@type\":\"ListItem\",\"@id\":\"https:\\\/\\\/filminbrasil.com\\\/?cat=6#listItem\",\"name\":\"not\\u00edcia\"}},{\"@type\":\"ListItem\",\"@id\":\"https:\\\/\\\/filminbrasil.com\\\/?cat=6#listItem\",\"position\":2,\"name\":\"not\\u00edcia\",\"item\":\"https:\\\/\\\/filminbrasil.com\\\/?cat=6\",\"nextItem\":{\"@type\":\"ListItem\",\"@id\":\"https:\\\/\\\/filminbrasil.com\\\/?cat=1#listItem\",\"name\":\"Not\\u00edcia\"},\"previousItem\":{\"@type\":\"ListItem\",\"@id\":\"https:\\\/\\\/filminbrasil.com#listItem\",\"name\":\"Home\"}},{\"@type\":\"ListItem\",\"@id\":\"https:\\\/\\\/filminbrasil.com\\\/?cat=1#listItem\",\"position\":3,\"name\":\"Not\\u00edcia\",\"item\":\"https:\\\/\\\/filminbrasil.com\\\/?cat=1\",\"nextItem\":{\"@type\":\"ListItem\",\"@id\":\"https:\\\/\\\/filminbrasil.com\\\/?p=468#listItem\",\"name\":\"Virg\\u00ednia e Adelaine: a dupla revolucion\\u00e1ria, agora no cinema\\u00a0\"},\"previousItem\":{\"@type\":\"ListItem\",\"@id\":\"https:\\\/\\\/filminbrasil.com\\\/?cat=6#listItem\",\"name\":\"not\\u00edcia\"}},{\"@type\":\"ListItem\",\"@id\":\"https:\\\/\\\/filminbrasil.com\\\/?p=468#listItem\",\"position\":4,\"name\":\"Virg\\u00ednia e Adelaine: a dupla revolucion\\u00e1ria, agora no cinema\\u00a0\",\"previousItem\":{\"@type\":\"ListItem\",\"@id\":\"https:\\\/\\\/filminbrasil.com\\\/?cat=1#listItem\",\"name\":\"Not\\u00edcia\"}}]},{\"@type\":\"Organization\",\"@id\":\"https:\\\/\\\/filminbrasil.com\\\/#organization\",\"name\":\"FilmInBrasil\",\"url\":\"https:\\\/\\\/filminbrasil.com\\\/\",\"logo\":{\"@type\":\"ImageObject\",\"url\":\"https:\\\/\\\/filminbrasil.com\\\/wp-content\\\/uploads\\\/2024\\\/12\\\/cropped-LOGO-filminbrasil.png\",\"@id\":\"https:\\\/\\\/filminbrasil.com\\\/?p=468\\\/#organizationLogo\",\"width\":2638,\"height\":2194},\"image\":{\"@id\":\"https:\\\/\\\/filminbrasil.com\\\/?p=468\\\/#organizationLogo\"}},{\"@type\":\"Person\",\"@id\":\"https:\\\/\\\/filminbrasil.com\\\/?author=1#author\",\"url\":\"https:\\\/\\\/filminbrasil.com\\\/?author=1\",\"name\":\"filminbrasil_is1tjs\",\"image\":{\"@type\":\"ImageObject\",\"@id\":\"https:\\\/\\\/filminbrasil.com\\\/?p=468#authorImage\",\"url\":\"https:\\\/\\\/secure.gravatar.com\\\/avatar\\\/5ef7803bdd1ec8498b53de0dfca88afae37aa91ecf24ff0b5c9cc52c90563b69?s=96&d=mm&r=g\",\"width\":96,\"height\":96,\"caption\":\"filminbrasil_is1tjs\"}},{\"@type\":\"WebPage\",\"@id\":\"https:\\\/\\\/filminbrasil.com\\\/?p=468#webpage\",\"url\":\"https:\\\/\\\/filminbrasil.com\\\/?p=468\",\"name\":\"Virg\\u00ednia e Adelaine: a dupla revolucion\\u00e1ria, agora no cinema - FilmInBrasil\",\"description\":\"Texto: Ariel Dandara \\\/ Foto: Reprodu\\u00e7\\u00e3o Com dire\\u00e7\\u00e3o de Yasmin Thayn\\u00e1 e Jorge Furtado, a dupla de mulheres que revolucionou a psican\\u00e1lise no pa\\u00eds s\\u00e3o homenageadas em uma trama envolvente onde ambas se v\\u00eaem dispostas a lutar contra preconceitos e estigmas. Ambas foram respons\\u00e1veis pela difus\\u00e3o do m\\u00e9todo criado por Sigmund Freud na busca pela\",\"inLanguage\":\"pt-BR\",\"isPartOf\":{\"@id\":\"https:\\\/\\\/filminbrasil.com\\\/#website\"},\"breadcrumb\":{\"@id\":\"https:\\\/\\\/filminbrasil.com\\\/?p=468#breadcrumblist\"},\"author\":{\"@id\":\"https:\\\/\\\/filminbrasil.com\\\/?author=1#author\"},\"creator\":{\"@id\":\"https:\\\/\\\/filminbrasil.com\\\/?author=1#author\"},\"image\":{\"@type\":\"ImageObject\",\"url\":\"https:\\\/\\\/filminbrasil.com\\\/wp-content\\\/uploads\\\/2025\\\/05\\\/VIRGINIAADELAIDE.webp\",\"@id\":\"https:\\\/\\\/filminbrasil.com\\\/?p=468\\\/#mainImage\",\"width\":849,\"height\":566},\"primaryImageOfPage\":{\"@id\":\"https:\\\/\\\/filminbrasil.com\\\/?p=468#mainImage\"},\"datePublished\":\"2025-05-07T19:15:54+00:00\",\"dateModified\":\"2025-05-07T19:15:54+00:00\"},{\"@type\":\"WebSite\",\"@id\":\"https:\\\/\\\/filminbrasil.com\\\/#website\",\"url\":\"https:\\\/\\\/filminbrasil.com\\\/\",\"name\":\"FilmInBrasil\",\"inLanguage\":\"pt-BR\",\"publisher\":{\"@id\":\"https:\\\/\\\/filminbrasil.com\\\/#organization\"}}]}\n\t\t<\/script>\n\t\t<!-- All in One SEO -->\n\n","aioseo_head_json":{"title":"Virg\u00ednia e Adelaine: a dupla revolucion\u00e1ria, agora no cinema - FilmInBrasil","description":"Texto: Ariel Dandara \/ Foto: Reprodu\u00e7\u00e3o Com dire\u00e7\u00e3o de Yasmin Thayn\u00e1 e Jorge Furtado, a dupla de mulheres que revolucionou a psican\u00e1lise no pa\u00eds s\u00e3o homenageadas em uma trama envolvente onde ambas se v\u00eaem dispostas a lutar contra preconceitos e estigmas. Ambas foram respons\u00e1veis pela difus\u00e3o do m\u00e9todo criado por Sigmund Freud na busca pela","canonical_url":"https:\/\/filminbrasil.com\/?p=468","robots":"max-image-preview:large","keywords":"","webmasterTools":{"miscellaneous":""},"schema":{"@context":"https:\/\/schema.org","@graph":[{"@type":"BlogPosting","@id":"https:\/\/filminbrasil.com\/?p=468#blogposting","name":"Virg\u00ednia e Adelaine: a dupla revolucion\u00e1ria, agora no cinema - FilmInBrasil","headline":"Virg\u00ednia e Adelaine: a dupla revolucion\u00e1ria, agora no cinema\u00a0","author":{"@id":"https:\/\/filminbrasil.com\/?author=1#author"},"publisher":{"@id":"https:\/\/filminbrasil.com\/#organization"},"image":{"@type":"ImageObject","url":"https:\/\/filminbrasil.com\/wp-content\/uploads\/2025\/05\/VIRGINIAADELAIDE.webp","width":849,"height":566},"datePublished":"2025-05-07T19:15:54+00:00","dateModified":"2025-05-07T19:15:54+00:00","inLanguage":"pt-BR","mainEntityOfPage":{"@id":"https:\/\/filminbrasil.com\/?p=468#webpage"},"isPartOf":{"@id":"https:\/\/filminbrasil.com\/?p=468#webpage"},"articleSection":"Not\u00edcia"},{"@type":"BreadcrumbList","@id":"https:\/\/filminbrasil.com\/?p=468#breadcrumblist","itemListElement":[{"@type":"ListItem","@id":"https:\/\/filminbrasil.com#listItem","position":1,"name":"Home","item":"https:\/\/filminbrasil.com","nextItem":{"@type":"ListItem","@id":"https:\/\/filminbrasil.com\/?cat=6#listItem","name":"not\u00edcia"}},{"@type":"ListItem","@id":"https:\/\/filminbrasil.com\/?cat=6#listItem","position":2,"name":"not\u00edcia","item":"https:\/\/filminbrasil.com\/?cat=6","nextItem":{"@type":"ListItem","@id":"https:\/\/filminbrasil.com\/?cat=1#listItem","name":"Not\u00edcia"},"previousItem":{"@type":"ListItem","@id":"https:\/\/filminbrasil.com#listItem","name":"Home"}},{"@type":"ListItem","@id":"https:\/\/filminbrasil.com\/?cat=1#listItem","position":3,"name":"Not\u00edcia","item":"https:\/\/filminbrasil.com\/?cat=1","nextItem":{"@type":"ListItem","@id":"https:\/\/filminbrasil.com\/?p=468#listItem","name":"Virg\u00ednia e Adelaine: a dupla revolucion\u00e1ria, agora no cinema\u00a0"},"previousItem":{"@type":"ListItem","@id":"https:\/\/filminbrasil.com\/?cat=6#listItem","name":"not\u00edcia"}},{"@type":"ListItem","@id":"https:\/\/filminbrasil.com\/?p=468#listItem","position":4,"name":"Virg\u00ednia e Adelaine: a dupla revolucion\u00e1ria, agora no cinema\u00a0","previousItem":{"@type":"ListItem","@id":"https:\/\/filminbrasil.com\/?cat=1#listItem","name":"Not\u00edcia"}}]},{"@type":"Organization","@id":"https:\/\/filminbrasil.com\/#organization","name":"FilmInBrasil","url":"https:\/\/filminbrasil.com\/","logo":{"@type":"ImageObject","url":"https:\/\/filminbrasil.com\/wp-content\/uploads\/2024\/12\/cropped-LOGO-filminbrasil.png","@id":"https:\/\/filminbrasil.com\/?p=468\/#organizationLogo","width":2638,"height":2194},"image":{"@id":"https:\/\/filminbrasil.com\/?p=468\/#organizationLogo"}},{"@type":"Person","@id":"https:\/\/filminbrasil.com\/?author=1#author","url":"https:\/\/filminbrasil.com\/?author=1","name":"filminbrasil_is1tjs","image":{"@type":"ImageObject","@id":"https:\/\/filminbrasil.com\/?p=468#authorImage","url":"https:\/\/secure.gravatar.com\/avatar\/5ef7803bdd1ec8498b53de0dfca88afae37aa91ecf24ff0b5c9cc52c90563b69?s=96&d=mm&r=g","width":96,"height":96,"caption":"filminbrasil_is1tjs"}},{"@type":"WebPage","@id":"https:\/\/filminbrasil.com\/?p=468#webpage","url":"https:\/\/filminbrasil.com\/?p=468","name":"Virg\u00ednia e Adelaine: a dupla revolucion\u00e1ria, agora no cinema - FilmInBrasil","description":"Texto: Ariel Dandara \/ Foto: Reprodu\u00e7\u00e3o Com dire\u00e7\u00e3o de Yasmin Thayn\u00e1 e Jorge Furtado, a dupla de mulheres que revolucionou a psican\u00e1lise no pa\u00eds s\u00e3o homenageadas em uma trama envolvente onde ambas se v\u00eaem dispostas a lutar contra preconceitos e estigmas. Ambas foram respons\u00e1veis pela difus\u00e3o do m\u00e9todo criado por Sigmund Freud na busca pela","inLanguage":"pt-BR","isPartOf":{"@id":"https:\/\/filminbrasil.com\/#website"},"breadcrumb":{"@id":"https:\/\/filminbrasil.com\/?p=468#breadcrumblist"},"author":{"@id":"https:\/\/filminbrasil.com\/?author=1#author"},"creator":{"@id":"https:\/\/filminbrasil.com\/?author=1#author"},"image":{"@type":"ImageObject","url":"https:\/\/filminbrasil.com\/wp-content\/uploads\/2025\/05\/VIRGINIAADELAIDE.webp","@id":"https:\/\/filminbrasil.com\/?p=468\/#mainImage","width":849,"height":566},"primaryImageOfPage":{"@id":"https:\/\/filminbrasil.com\/?p=468#mainImage"},"datePublished":"2025-05-07T19:15:54+00:00","dateModified":"2025-05-07T19:15:54+00:00"},{"@type":"WebSite","@id":"https:\/\/filminbrasil.com\/#website","url":"https:\/\/filminbrasil.com\/","name":"FilmInBrasil","inLanguage":"pt-BR","publisher":{"@id":"https:\/\/filminbrasil.com\/#organization"}}]},"og:locale":"pt_BR","og:site_name":"FilmInBrasil -","og:type":"article","og:title":"Virg\u00ednia e Adelaine: a dupla revolucion\u00e1ria, agora no cinema - FilmInBrasil","og:description":"Texto: Ariel Dandara \/ Foto: Reprodu\u00e7\u00e3o Com dire\u00e7\u00e3o de Yasmin Thayn\u00e1 e Jorge Furtado, a dupla de mulheres que revolucionou a psican\u00e1lise no pa\u00eds s\u00e3o homenageadas em uma trama envolvente onde ambas se v\u00eaem dispostas a lutar contra preconceitos e estigmas. Ambas foram respons\u00e1veis pela difus\u00e3o do m\u00e9todo criado por Sigmund Freud na busca pela","og:url":"https:\/\/filminbrasil.com\/?p=468","og:image":"https:\/\/filminbrasil.com\/wp-content\/uploads\/2024\/12\/cropped-LOGO-filminbrasil.png","og:image:secure_url":"https:\/\/filminbrasil.com\/wp-content\/uploads\/2024\/12\/cropped-LOGO-filminbrasil.png","article:published_time":"2025-05-07T19:15:54+00:00","article:modified_time":"2025-05-07T19:15:54+00:00","twitter:card":"summary_large_image","twitter:title":"Virg\u00ednia e Adelaine: a dupla revolucion\u00e1ria, agora no cinema - FilmInBrasil","twitter:description":"Texto: Ariel Dandara \/ Foto: Reprodu\u00e7\u00e3o Com dire\u00e7\u00e3o de Yasmin Thayn\u00e1 e Jorge Furtado, a dupla de mulheres que revolucionou a psican\u00e1lise no pa\u00eds s\u00e3o homenageadas em uma trama envolvente onde ambas se v\u00eaem dispostas a lutar contra preconceitos e estigmas. Ambas foram respons\u00e1veis pela difus\u00e3o do m\u00e9todo criado por Sigmund Freud na busca pela","twitter:image":"https:\/\/filminbrasil.com\/wp-content\/uploads\/2024\/12\/cropped-LOGO-filminbrasil.png"},"aioseo_meta_data":{"post_id":"468","title":null,"description":null,"keywords":null,"keyphrases":{"focus":{"keyphrase":"","score":0,"analysis":{"keyphraseInTitle":{"score":0,"maxScore":9,"error":1}}},"additional":[]},"primary_term":null,"canonical_url":null,"og_title":null,"og_description":null,"og_object_type":"default","og_image_type":"default","og_image_url":null,"og_image_width":null,"og_image_height":null,"og_image_custom_url":null,"og_image_custom_fields":null,"og_video":"","og_custom_url":null,"og_article_section":null,"og_article_tags":null,"twitter_use_og":false,"twitter_card":"default","twitter_image_type":"default","twitter_image_url":null,"twitter_image_custom_url":null,"twitter_image_custom_fields":null,"twitter_title":null,"twitter_description":null,"schema":{"blockGraphs":[],"customGraphs":[],"default":{"data":{"Article":[],"Course":[],"Dataset":[],"FAQPage":[],"Movie":[],"Person":[],"Product":[],"ProductReview":[],"Car":[],"Recipe":[],"Service":[],"SoftwareApplication":[],"WebPage":[]},"graphName":"BlogPosting","isEnabled":true},"graphs":[]},"schema_type":"default","schema_type_options":null,"pillar_content":false,"robots_default":true,"robots_noindex":false,"robots_noarchive":false,"robots_nosnippet":false,"robots_nofollow":false,"robots_noimageindex":false,"robots_noodp":false,"robots_notranslate":false,"robots_max_snippet":"-1","robots_max_videopreview":"-1","robots_max_imagepreview":"large","priority":null,"frequency":"default","local_seo":null,"limit_modified_date":false,"created":"2025-05-07 19:15:54","updated":"2026-06-15 14:20:53","ai":null,"breadcrumb_settings":null,"seo_analyzer_scan_date":null},"aioseo_breadcrumb":"<div class=\"aioseo-breadcrumbs\"><span class=\"aioseo-breadcrumb\">\n\t\t\t<a href=\"https:\/\/filminbrasil.com\" title=\"Home\">Home<\/a>\n\t\t<\/span><span class=\"aioseo-breadcrumb-separator\">&raquo;<\/span><span class=\"aioseo-breadcrumb\">\n\t\t\t<a href=\"https:\/\/filminbrasil.com\/?cat=6\" title=\"not\u00edcia\">not\u00edcia<\/a>\n\t\t<\/span><span class=\"aioseo-breadcrumb-separator\">&raquo;<\/span><span class=\"aioseo-breadcrumb\">\n\t\t\t<a href=\"https:\/\/filminbrasil.com\/?cat=1\" title=\"Not\u00edcia\">Not\u00edcia<\/a>\n\t\t<\/span><span class=\"aioseo-breadcrumb-separator\">&raquo;<\/span><span class=\"aioseo-breadcrumb\">\n\t\t\tVirg\u00ednia e Adelaine: a dupla revolucion\u00e1ria, agora no cinema \n\t\t<\/span><\/div>","aioseo_breadcrumb_json":[{"label":"Home","link":"https:\/\/filminbrasil.com"},{"label":"not\u00edcia","link":"https:\/\/filminbrasil.com\/?cat=6"},{"label":"Not\u00edcia","link":"https:\/\/filminbrasil.com\/?cat=1"},{"label":"Virg\u00ednia e Adelaine: a dupla revolucion\u00e1ria, agora no cinema\u00a0","link":"https:\/\/filminbrasil.com\/?p=468"}],"_links":{"self":[{"href":"https:\/\/filminbrasil.com\/index.php?rest_route=\/wp\/v2\/posts\/468","targetHints":{"allow":["GET"]}}],"collection":[{"href":"https:\/\/filminbrasil.com\/index.php?rest_route=\/wp\/v2\/posts"}],"about":[{"href":"https:\/\/filminbrasil.com\/index.php?rest_route=\/wp\/v2\/types\/post"}],"author":[{"embeddable":true,"href":"https:\/\/filminbrasil.com\/index.php?rest_route=\/wp\/v2\/users\/1"}],"replies":[{"embeddable":true,"href":"https:\/\/filminbrasil.com\/index.php?rest_route=%2Fwp%2Fv2%2Fcomments&post=468"}],"version-history":[{"count":1,"href":"https:\/\/filminbrasil.com\/index.php?rest_route=\/wp\/v2\/posts\/468\/revisions"}],"predecessor-version":[{"id":470,"href":"https:\/\/filminbrasil.com\/index.php?rest_route=\/wp\/v2\/posts\/468\/revisions\/470"}],"wp:featuredmedia":[{"embeddable":true,"href":"https:\/\/filminbrasil.com\/index.php?rest_route=\/wp\/v2\/media\/469"}],"wp:attachment":[{"href":"https:\/\/filminbrasil.com\/index.php?rest_route=%2Fwp%2Fv2%2Fmedia&parent=468"}],"wp:term":[{"taxonomy":"category","embeddable":true,"href":"https:\/\/filminbrasil.com\/index.php?rest_route=%2Fwp%2Fv2%2Fcategories&post=468"},{"taxonomy":"post_tag","embeddable":true,"href":"https:\/\/filminbrasil.com\/index.php?rest_route=%2Fwp%2Fv2%2Ftags&post=468"}],"curies":[{"name":"wp","href":"https:\/\/api.w.org\/{rel}","templated":true}]}}